{"id":131626,"date":"2025-10-02T21:06:51","date_gmt":"2025-10-03T02:06:51","guid":{"rendered":"https:\/\/csfr.edu.co\/?post_type=blog&#038;p=131626"},"modified":"2025-10-02T21:16:20","modified_gmt":"2025-10-03T02:16:20","slug":"las-pachas-un-colegio-calendario-b-que-potencia-talentos","status":"publish","type":"blog","link":"https:\/\/csfr.edu.co\/es\/blog\/las-pachas-un-colegio-calendario-b-que-potencia-talentos\/","title":{"rendered":"Las Pachas: un colegio Calendario B que potencia talentos"},"content":{"rendered":"\t\t<div data-elementor-type=\"wp-post\" data-elementor-id=\"131626\" class=\"elementor elementor-131626\" data-elementor-post-type=\"blog\">\n\t\t\t\t<div class=\"elementor-element elementor-element-33736d4 e-flex e-con-boxed e-con e-parent\" data-id=\"33736d4\" data-element_type=\"container\" data-e-type=\"container\">\n\t\t\t\t\t<div class=\"e-con-inner\">\n\t\t\t\t<div class=\"elementor-element elementor-element-94f2d2d elementor-widget elementor-widget-text-editor\" data-id=\"94f2d2d\" data-element_type=\"widget\" data-e-type=\"widget\" data-widget_type=\"text-editor.default\">\n\t\t\t\t<div class=\"elementor-widget-container\">\n\t\t\t\t\t\t\t\t\t<p data-start=\"675\" data-end=\"715\"><span style=\"color: #ff6600\"><strong>\u00bfPor qu\u00e9 pensar en el Calendario B?<\/strong><\/span><\/p><p data-start=\"716\" data-end=\"1007\">Cada vez m\u00e1s familias en Colombia consideran el paso de Calendario A a Calendario B para sus hijas. Este modelo, alineado con los calendarios internacionales, facilita el ingreso a universidades del exterior, permite experiencias multiculturales y ofrece vacaciones estrat\u00e9gicas en verano.<\/p><p data-start=\"1009\" data-end=\"1247\">En <strong data-start=\"1012\" data-end=\"1026\">Las Pachas<\/strong>, vivir el Calendario B significa mucho m\u00e1s: es crecer en un colegio que potencia talentos, fomenta una educaci\u00f3n biling\u00fce y prepara a cada ni\u00f1a para convertirse en una <strong data-start=\"1204\" data-end=\"1244\">mujer global, segura y con prop\u00f3sito<\/strong>.<\/p><p data-start=\"1009\" data-end=\"1247\"><span style=\"color: #ff6600\"><strong>Ventajas del Calendario B en Las Pachas<\/strong><\/span><\/p><p data-start=\"1300\" data-end=\"1337\"><strong>Educaci\u00f3n alineada con el mundo<\/strong><\/p><p data-start=\"1338\" data-end=\"1719\">El Calendario B sigue el ciclo acad\u00e9mico de pa\u00edses como Estados Unidos y el Reino Unido. Esto les da a nuestras estudiantes una ventaja competitiva al momento de acceder a universidades internacionales y programas globales.<br data-start=\"1561\" data-end=\"1564\" \/>En Las Pachas lo potenciamos con excelencia acad\u00e9mica y acompa\u00f1amiento cercano para que cada ni\u00f1a trace su camino hacia el futuro con confianza.<\/p><p data-start=\"1721\" data-end=\"1763\"><strong>Formaci\u00f3n biling\u00fce con visi\u00f3n global<\/strong><\/p><p data-start=\"1764\" data-end=\"2125\">Nuestro modelo educativo combina el Calendario B con una formaci\u00f3n biling\u00fce de alto nivel. Esto prepara a las estudiantes no solo para comunicarse en ingl\u00e9s con fluidez, sino tambi\u00e9n para desenvolverse con seguridad en escenarios multiculturales.<br data-start=\"2010\" data-end=\"2013\" \/>As\u00ed, el calendario se convierte en una plataforma que conecta la educaci\u00f3n con la vida real y con el mundo.<\/p><p data-start=\"2127\" data-end=\"2161\"><strong>Experiencias multiculturales<\/strong><\/p><p data-start=\"2162\" data-end=\"2482\">Ser Calendario B facilita la participaci\u00f3n en intercambios y programas internacionales que enriquecen el aprendizaje.<br data-start=\"2286\" data-end=\"2289\" \/>En Las Pachas, cada experiencia se vive como una oportunidad para descubrir nuevas culturas, ampliar horizontes y fortalecer talentos, formando ni\u00f1as que lideran con empat\u00eda y creatividad.<\/p><p data-start=\"2484\" data-end=\"2511\"><strong>Beneficios familiares<\/strong><\/p><p data-start=\"2512\" data-end=\"2838\">El calendario tambi\u00e9n ofrece ventajas pr\u00e1cticas: vacaciones largas en verano, que coinciden con las de otros pa\u00edses y facilitan proyectos familiares e internacionales.<br data-start=\"2679\" data-end=\"2682\" \/>Esto fortalece una parte importante de la <strong data-start=\"2703\" data-end=\"2720\">esencia Pacha<\/strong>, donde la educaci\u00f3n camina de la mano con las familias, generando experiencias compartidas que trascienden el aula.<\/p><p data-start=\"2845\" data-end=\"2897\"><span style=\"color: #ff6600\"><strong>De Calendario A a Calendario B: un paso posible<\/strong><\/span><\/p><p data-start=\"2898\" data-end=\"3195\">Si tu hija estudia en Calendario A, dar el salto hacia un colegio Calendario B puede ser una decisi\u00f3n estrat\u00e9gica. En Las Pachas acompa\u00f1amos a las familias en este proceso de transici\u00f3n, asegurando que cada estudiante se adapte de forma natural y viva el cambio como una oportunidad para crecer.<\/p><p data-start=\"3244\" data-end=\"3539\">En Las Pachas, cada ventaja del Calendario B se transforma en experiencias que preparan a las ni\u00f1as para convertirse en mujeres globales. Con excelencia acad\u00e9mica, bienestar socioemocional y un entorno inspirador, listas para liderar con prop\u00f3sito en cualquier lugar del mundo.<\/p><p data-start=\"3579\" data-end=\"3792\">Elegir un colegio Calendario B es abrirle a tu hija un mundo de posibilidades. Elegir Las Pachas es confiar en un proyecto educativo que potencia talentos, cuida a cada ni\u00f1a y la prepara para el hoy y el ma\u00f1ana.<\/p><p data-start=\"3794\" data-end=\"3960\"><strong data-start=\"3796\" data-end=\"3958\">Si tu hija estudia en Calendario A, este es el momento de dar el paso. Agenda tu recorrido en Las Pachas y conoce como apoyamos su presente y futuro.<\/strong><\/p>\t\t\t\t\t\t\t\t<\/div>\n\t\t\t\t<\/div>\n\t\t\t\t\t<\/div>\n\t\t\t\t<\/div>\n\t\t\t\t<\/div>\n\t\t","protected":false},"excerpt":{"rendered":"<p>\u00bfPor qu\u00e9 pensar en el Calendario B? Cada vez m\u00e1s familias en Colombia consideran el paso de Calendario A a Calendario B para sus hijas. Este modelo, alineado con los [&hellip;]<\/p>\n","protected":false},"featured_media":127476,"template":"","class_list":["post-131626","blog","type-blog","status-publish","has-post-thumbnail","hentry"],"acf":[],"yoast_head":"<!-- This site is optimized with the Yoast SEO plugin v27.1.1 - https:\/\/yoast.com\/product\/yoast-seo-wordpress\/ -->\n<title>Las Pachas: un colegio Calendario B que potencia talentos - Colegio Santa Francisca Romana: J\u00f3venes innovadoras | Colegios RedCol<\/title>\n<meta name=\"description\" content=\"Descubre c\u00f3mo convertir las vacaciones en una oportunidad para potenciar la creatividad, autonom\u00eda y bienestar emocional de las ni\u00f1as.\" \/>\n<meta name=\"robots\" content=\"index, follow, max-snippet:-1, max-image-preview:large, max-video-preview:-1\" \/>\n<link rel=\"canonical\" href=\"https:\/\/csfr.edu.co\/es\/blog\/las-pachas-un-colegio-calendario-b-que-potencia-talentos\/\" \/>\n<meta property=\"og:locale\" content=\"es_ES\" \/>\n<meta property=\"og:type\" content=\"article\" \/>\n<meta property=\"og:title\" content=\"Las Pachas: un colegio Calendario B que potencia talentos - Colegio Santa Francisca Romana: J\u00f3venes innovadoras | Colegios RedCol\" \/>\n<meta property=\"og:description\" content=\"Descubre c\u00f3mo convertir las vacaciones en una oportunidad para potenciar la creatividad, autonom\u00eda y bienestar emocional de las ni\u00f1as.\" \/>\n<meta property=\"og:url\" content=\"https:\/\/csfr.edu.co\/es\/blog\/las-pachas-un-colegio-calendario-b-que-potencia-talentos\/\" \/>\n<meta property=\"og:site_name\" content=\"Colegio Santa Francisca Romana: J\u00f3venes innovadoras | Colegios RedCol\" \/>\n<meta property=\"article:publisher\" content=\"https:\/\/www.facebook.com\/ColSantaFranciscaRomana\/\" \/>\n<meta property=\"article:modified_time\" content=\"2025-10-03T02:16:20+00:00\" \/>\n<meta property=\"og:image\" content=\"https:\/\/csfr.edu.co\/wp-content\/uploads\/sites\/30\/2025\/02\/20250220_081619-e1759457137909.jpg\" \/>\n\t<meta property=\"og:image:width\" content=\"4000\" \/>\n\t<meta property=\"og:image:height\" content=\"1060\" \/>\n\t<meta property=\"og:image:type\" content=\"image\/jpeg\" \/>\n<meta name=\"twitter:card\" content=\"summary_large_image\" \/>\n<meta name=\"twitter:label1\" content=\"Tiempo de lectura\" \/>\n\t<meta name=\"twitter:data1\" content=\"3 minutos\" \/>\n<script type=\"application\/ld+json\" class=\"yoast-schema-graph\">{\"@context\":\"https:\/\/schema.org\",\"@graph\":[{\"@type\":\"WebPage\",\"@id\":\"https:\/\/csfr.edu.co\/es\/blog\/las-pachas-un-colegio-calendario-b-que-potencia-talentos\/\",\"url\":\"https:\/\/csfr.edu.co\/es\/blog\/las-pachas-un-colegio-calendario-b-que-potencia-talentos\/\",\"name\":\"Las Pachas: un colegio Calendario B que potencia talentos - Colegio Santa Francisca Romana: J\u00f3venes innovadoras | Colegios RedCol\",\"isPartOf\":{\"@id\":\"https:\/\/csfr.edu.co\/es\/#website\"},\"primaryImageOfPage\":{\"@id\":\"https:\/\/csfr.edu.co\/es\/blog\/las-pachas-un-colegio-calendario-b-que-potencia-talentos\/#primaryimage\"},\"image\":{\"@id\":\"https:\/\/csfr.edu.co\/es\/blog\/las-pachas-un-colegio-calendario-b-que-potencia-talentos\/#primaryimage\"},\"thumbnailUrl\":\"https:\/\/csfr.edu.co\/wp-content\/uploads\/sites\/30\/2025\/02\/20250220_081619-e1759457137909.jpg\",\"datePublished\":\"2025-10-03T02:06:51+00:00\",\"dateModified\":\"2025-10-03T02:16:20+00:00\",\"description\":\"Descubre c\u00f3mo convertir las vacaciones en una oportunidad para potenciar la creatividad, autonom\u00eda y bienestar emocional de las ni\u00f1as.\",\"breadcrumb\":{\"@id\":\"https:\/\/csfr.edu.co\/es\/blog\/las-pachas-un-colegio-calendario-b-que-potencia-talentos\/#breadcrumb\"},\"inLanguage\":\"es\",\"potentialAction\":[{\"@type\":\"ReadAction\",\"target\":[\"https:\/\/csfr.edu.co\/es\/blog\/las-pachas-un-colegio-calendario-b-que-potencia-talentos\/\"]}]},{\"@type\":\"ImageObject\",\"inLanguage\":\"es\",\"@id\":\"https:\/\/csfr.edu.co\/es\/blog\/las-pachas-un-colegio-calendario-b-que-potencia-talentos\/#primaryimage\",\"url\":\"https:\/\/csfr.edu.co\/wp-content\/uploads\/sites\/30\/2025\/02\/20250220_081619-e1759457137909.jpg\",\"contentUrl\":\"https:\/\/csfr.edu.co\/wp-content\/uploads\/sites\/30\/2025\/02\/20250220_081619-e1759457137909.jpg\",\"width\":4000,\"height\":1060},{\"@type\":\"BreadcrumbList\",\"@id\":\"https:\/\/csfr.edu.co\/es\/blog\/las-pachas-un-colegio-calendario-b-que-potencia-talentos\/#breadcrumb\",\"itemListElement\":[{\"@type\":\"ListItem\",\"position\":1,\"name\":\"Home\",\"item\":\"https:\/\/csfr.edu.co\/es\/\"},{\"@type\":\"ListItem\",\"position\":2,\"name\":\"Las Pachas: un colegio Calendario B que potencia talentos\"}]},{\"@type\":\"WebSite\",\"@id\":\"https:\/\/csfr.edu.co\/es\/#website\",\"url\":\"https:\/\/csfr.edu.co\/es\/\",\"name\":\"Colegio Santa Francisca Romana: J\u00f3venes innovadoras | Colegios RedCol\",\"description\":\"El Colegio inspira a sus estudiantes a cultivar su ser interior y a que puedan descubrir su propia luz.\",\"publisher\":{\"@id\":\"https:\/\/csfr.edu.co\/es\/#organization\"},\"potentialAction\":[{\"@type\":\"SearchAction\",\"target\":{\"@type\":\"EntryPoint\",\"urlTemplate\":\"https:\/\/csfr.edu.co\/es\/?s={search_term_string}\"},\"query-input\":{\"@type\":\"PropertyValueSpecification\",\"valueRequired\":true,\"valueName\":\"search_term_string\"}}],\"inLanguage\":\"es\"},{\"@type\":\"Organization\",\"@id\":\"https:\/\/csfr.edu.co\/es\/#organization\",\"name\":\"Colegio Santa Francisca Romana: J\u00f3venes innovadoras | Colegios RedCol\",\"url\":\"https:\/\/csfr.edu.co\/es\/\",\"logo\":{\"@type\":\"ImageObject\",\"inLanguage\":\"es\",\"@id\":\"https:\/\/csfr.edu.co\/es\/#\/schema\/logo\/image\/\",\"url\":\"https:\/\/csfr.edu.co\/wp-content\/uploads\/sites\/30\/2024\/11\/Logo_Santa_Francisca_Romana.png\",\"contentUrl\":\"https:\/\/csfr.edu.co\/wp-content\/uploads\/sites\/30\/2024\/11\/Logo_Santa_Francisca_Romana.png\",\"width\":808,\"height\":389,\"caption\":\"Colegio Santa Francisca Romana: J\u00f3venes innovadoras | Colegios RedCol\"},\"image\":{\"@id\":\"https:\/\/csfr.edu.co\/es\/#\/schema\/logo\/image\/\"},\"sameAs\":[\"https:\/\/www.facebook.com\/ColSantaFranciscaRomana\/\",\"https:\/\/www.youtube.com\/channel\/UCH3xQUBr8q9Os2LGGVWVnLg\"]}]}<\/script>\n<!-- \/ Yoast SEO plugin. -->","yoast_head_json":{"title":"Las Pachas: un colegio Calendario B que potencia talentos - Colegio Santa Francisca Romana: J\u00f3venes innovadoras | Colegios RedCol","description":"Descubre c\u00f3mo convertir las vacaciones en una oportunidad para potenciar la creatividad, autonom\u00eda y bienestar emocional de las ni\u00f1as.","robots":{"index":"index","follow":"follow","max-snippet":"max-snippet:-1","max-image-preview":"max-image-preview:large","max-video-preview":"max-video-preview:-1"},"canonical":"https:\/\/csfr.edu.co\/es\/blog\/las-pachas-un-colegio-calendario-b-que-potencia-talentos\/","og_locale":"es_ES","og_type":"article","og_title":"Las Pachas: un colegio Calendario B que potencia talentos - Colegio Santa Francisca Romana: J\u00f3venes innovadoras | Colegios RedCol","og_description":"Descubre c\u00f3mo convertir las vacaciones en una oportunidad para potenciar la creatividad, autonom\u00eda y bienestar emocional de las ni\u00f1as.","og_url":"https:\/\/csfr.edu.co\/es\/blog\/las-pachas-un-colegio-calendario-b-que-potencia-talentos\/","og_site_name":"Colegio Santa Francisca Romana: J\u00f3venes innovadoras | Colegios RedCol","article_publisher":"https:\/\/www.facebook.com\/ColSantaFranciscaRomana\/","article_modified_time":"2025-10-03T02:16:20+00:00","og_image":[{"width":4000,"height":1060,"url":"https:\/\/csfr.edu.co\/wp-content\/uploads\/sites\/30\/2025\/02\/20250220_081619-e1759457137909.jpg","type":"image\/jpeg"}],"twitter_card":"summary_large_image","twitter_misc":{"Tiempo de lectura":"3 minutos"},"schema":{"@context":"https:\/\/schema.org","@graph":[{"@type":"WebPage","@id":"https:\/\/csfr.edu.co\/es\/blog\/las-pachas-un-colegio-calendario-b-que-potencia-talentos\/","url":"https:\/\/csfr.edu.co\/es\/blog\/las-pachas-un-colegio-calendario-b-que-potencia-talentos\/","name":"Las Pachas: un colegio Calendario B que potencia talentos - Colegio Santa Francisca Romana: J\u00f3venes innovadoras | Colegios RedCol","isPartOf":{"@id":"https:\/\/csfr.edu.co\/es\/#website"},"primaryImageOfPage":{"@id":"https:\/\/csfr.edu.co\/es\/blog\/las-pachas-un-colegio-calendario-b-que-potencia-talentos\/#primaryimage"},"image":{"@id":"https:\/\/csfr.edu.co\/es\/blog\/las-pachas-un-colegio-calendario-b-que-potencia-talentos\/#primaryimage"},"thumbnailUrl":"https:\/\/csfr.edu.co\/wp-content\/uploads\/sites\/30\/2025\/02\/20250220_081619-e1759457137909.jpg","datePublished":"2025-10-03T02:06:51+00:00","dateModified":"2025-10-03T02:16:20+00:00","description":"Descubre c\u00f3mo convertir las vacaciones en una oportunidad para potenciar la creatividad, autonom\u00eda y bienestar emocional de las ni\u00f1as.","breadcrumb":{"@id":"https:\/\/csfr.edu.co\/es\/blog\/las-pachas-un-colegio-calendario-b-que-potencia-talentos\/#breadcrumb"},"inLanguage":"es","potentialAction":[{"@type":"ReadAction","target":["https:\/\/csfr.edu.co\/es\/blog\/las-pachas-un-colegio-calendario-b-que-potencia-talentos\/"]}]},{"@type":"ImageObject","inLanguage":"es","@id":"https:\/\/csfr.edu.co\/es\/blog\/las-pachas-un-colegio-calendario-b-que-potencia-talentos\/#primaryimage","url":"https:\/\/csfr.edu.co\/wp-content\/uploads\/sites\/30\/2025\/02\/20250220_081619-e1759457137909.jpg","contentUrl":"https:\/\/csfr.edu.co\/wp-content\/uploads\/sites\/30\/2025\/02\/20250220_081619-e1759457137909.jpg","width":4000,"height":1060},{"@type":"BreadcrumbList","@id":"https:\/\/csfr.edu.co\/es\/blog\/las-pachas-un-colegio-calendario-b-que-potencia-talentos\/#breadcrumb","itemListElement":[{"@type":"ListItem","position":1,"name":"Home","item":"https:\/\/csfr.edu.co\/es\/"},{"@type":"ListItem","position":2,"name":"Las Pachas: un colegio Calendario B que potencia talentos"}]},{"@type":"WebSite","@id":"https:\/\/csfr.edu.co\/es\/#website","url":"https:\/\/csfr.edu.co\/es\/","name":"Colegio Santa Francisca Romana: J\u00f3venes innovadoras | Colegios RedCol","description":"El Colegio inspira a sus estudiantes a cultivar su ser interior y a que puedan descubrir su propia luz.","publisher":{"@id":"https:\/\/csfr.edu.co\/es\/#organization"},"potentialAction":[{"@type":"SearchAction","target":{"@type":"EntryPoint","urlTemplate":"https:\/\/csfr.edu.co\/es\/?s={search_term_string}"},"query-input":{"@type":"PropertyValueSpecification","valueRequired":true,"valueName":"search_term_string"}}],"inLanguage":"es"},{"@type":"Organization","@id":"https:\/\/csfr.edu.co\/es\/#organization","name":"Colegio Santa Francisca Romana: J\u00f3venes innovadoras | Colegios RedCol","url":"https:\/\/csfr.edu.co\/es\/","logo":{"@type":"ImageObject","inLanguage":"es","@id":"https:\/\/csfr.edu.co\/es\/#\/schema\/logo\/image\/","url":"https:\/\/csfr.edu.co\/wp-content\/uploads\/sites\/30\/2024\/11\/Logo_Santa_Francisca_Romana.png","contentUrl":"https:\/\/csfr.edu.co\/wp-content\/uploads\/sites\/30\/2024\/11\/Logo_Santa_Francisca_Romana.png","width":808,"height":389,"caption":"Colegio Santa Francisca Romana: J\u00f3venes innovadoras | Colegios RedCol"},"image":{"@id":"https:\/\/csfr.edu.co\/es\/#\/schema\/logo\/image\/"},"sameAs":["https:\/\/www.facebook.com\/ColSantaFranciscaRomana\/","https:\/\/www.youtube.com\/channel\/UCH3xQUBr8q9Os2LGGVWVnLg"]}]}},"jetpack_sharing_enabled":true,"_links":{"self":[{"href":"https:\/\/csfr.edu.co\/es\/wp-json\/wp\/v2\/blog\/131626","targetHints":{"allow":["GET"]}}],"collection":[{"href":"https:\/\/csfr.edu.co\/es\/wp-json\/wp\/v2\/blog"}],"about":[{"href":"https:\/\/csfr.edu.co\/es\/wp-json\/wp\/v2\/types\/blog"}],"version-history":[{"count":6,"href":"https:\/\/csfr.edu.co\/es\/wp-json\/wp\/v2\/blog\/131626\/revisions"}],"predecessor-version":[{"id":131633,"href":"https:\/\/csfr.edu.co\/es\/wp-json\/wp\/v2\/blog\/131626\/revisions\/131633"}],"wp:featuredmedia":[{"embeddable":true,"href":"https:\/\/csfr.edu.co\/es\/wp-json\/wp\/v2\/media\/127476"}],"wp:attachment":[{"href":"https:\/\/csfr.edu.co\/es\/wp-json\/wp\/v2\/media?parent=131626"}],"curies":[{"name":"wp","href":"https:\/\/api.w.org\/{rel}","templated":true}]}}