{"id":278,"date":"2025-02-24T18:08:33","date_gmt":"2025-02-24T18:08:33","guid":{"rendered":"https:\/\/staging.haztuqr.cl\/csfr\/index.php\/2025\/02\/24\/semana-de-la-salud-pachas-un-preambulo-al-global-be-well-day\/"},"modified":"2025-02-24T18:08:33","modified_gmt":"2025-02-24T18:08:33","slug":"semana-de-la-salud-pachas-un-preambulo-al-global-be-well-day","status":"publish","type":"school-news","link":"https:\/\/csfr.edu.co\/es\/school-news\/semana-de-la-salud-pachas-un-preambulo-al-global-be-well-day\/","title":{"rendered":"Semana de la Salud Pachas: Un pre\u00e1mbulo al Global Be Well Day"},"content":{"rendered":"<p class=\"text-align-justify\">Del 20 al 27 de septiembre, nuestra comunidad escolar vivi\u00f3 la <strong>Semana de la Salud<\/strong>, una iniciativa que busca concientizar sobre la importancia del cuidado integral de la salud: f\u00edsica, mental y emocional. Esta semana no solo sirvi\u00f3 como una antesala al <strong>Global Be Well Day<\/strong>, sino que tambi\u00e9n fue una oportunidad para reforzar nuestro compromiso con el bienestar de todos los miembros de la comunidad educativa.<\/p>\n<p class=\"text-align-justify\"><strong>Un Enfoque Integral<\/strong><\/p>\n<p class=\"text-align-justify\">La Semana de la Salud se enmarca dentro de los requisitos del colegio acreditado en el sistema de gesti\u00f3n de calidad. Este a\u00f1o, las actividades se centraron en responder a las necesidades individuales y colectivas que emergieron de los resultados de los ex\u00e1menes de salud ocupacional. Se propusieron planes de acci\u00f3n concretos en \u00e1reas clave como:<\/p>\n<ul>\n<li><strong>H\u00e1bitos alimenticios<\/strong>: Fomentar una alimentaci\u00f3n balanceada y consciente.<\/li>\n<li><strong>Salud visual<\/strong>: Realizar ex\u00e1menes de la vista y promover la protecci\u00f3n ocular.<\/li>\n<li><strong>Salud cardiovascular<\/strong>: Concientizar sobre la importancia de cuidar el coraz\u00f3n a trav\u00e9s de la actividad f\u00edsica y una buena alimentaci\u00f3n.<\/li>\n<\/ul>\n<p class=\"text-align-justify\"><strong>Promoviendo H\u00e1bitos Saludables<\/strong><\/p>\n<p class=\"text-align-justify\">Se llevaron a cabo diversas actividades que motivaron a la comunidad a adoptar h\u00e1bitos saludables. Estas actividades incluyeron charlas sobre la higiene del sue\u00f1o, la salud mental y la importancia de mantenernos activos f\u00edsicamente. Nos unimos para aprender y compartir estrategias que favorezcan nuestro bienestar general.<\/p>\n<p class=\"text-align-justify\"><strong>Preparaci\u00f3n y Seguridad<\/strong><\/p>\n<p class=\"text-align-justify\">Adem\u00e1s del enfoque en la salud, la Semana de la Salud tambi\u00e9n abord\u00f3 la preparaci\u00f3n para emergencias. La capacitaci\u00f3n en la gesti\u00f3n de riesgos como sismos e incendios es crucial para asegurar la seguridad de todos. Se elaboraron planes de evacuaci\u00f3n estructurados que aseguran que nuestra comunidad est\u00e9 lista para enfrentar cualquier eventualidad.<\/p>\n<p class=\"text-align-justify\"><strong>Un Compromiso Compartido<\/strong><\/p>\n<p class=\"text-align-justify\">La participaci\u00f3n activa de estudiantes, docentes y padres de familia fue fundamental para el \u00e9xito de esta semana. Juntos, creamos un ambiente de sensibilizaci\u00f3n y motivaci\u00f3n, recordando que el cuidado de nuestra salud es un esfuerzo colectivo.<\/p>\n<p class=\"text-align-justify\">La Semana de la Salud no solo fue una serie de actividades, fue un recordatorio de que la salud integral es una prioridad que debemos cultivar todos los d\u00edas. Sigamos trabajando juntos para hacer de nuestra comunidad un lugar m\u00e1s saludable y feliz.<\/p><\/p>\n","protected":false},"excerpt":{"rendered":"<p>Del 20 al 27 de septiembre, nuestra comunidad escolar vivi\u00f3 la Semana de la Salud, una iniciativa que busca concientizar sobre la importancia del cuidado integral de la salud: f\u00edsica, [&hellip;]<\/p>\n","protected":false},"featured_media":279,"template":"","class_list":["post-278","school-news","type-school-news","status-publish","has-post-thumbnail","hentry"],"acf":[],"yoast_head":"<!-- This site is optimized with the Yoast SEO plugin v27.1.1 - https:\/\/yoast.com\/product\/yoast-seo-wordpress\/ -->\n<title>Semana de la Salud Pachas: Un pre\u00e1mbulo al Global Be Well Day - Colegio Santa Francisca Romana: J\u00f3venes innovadoras | Colegios RedCol<\/title>\n<meta name=\"robots\" content=\"index, follow, max-snippet:-1, max-image-preview:large, max-video-preview:-1\" \/>\n<link rel=\"canonical\" href=\"https:\/\/csfr.edu.co\/es\/school-news\/semana-de-la-salud-pachas-un-preambulo-al-global-be-well-day\/\" \/>\n<meta property=\"og:locale\" content=\"es_ES\" \/>\n<meta property=\"og:type\" content=\"article\" \/>\n<meta property=\"og:title\" content=\"Semana de la Salud Pachas: Un pre\u00e1mbulo al Global Be Well Day - Colegio Santa Francisca Romana: J\u00f3venes innovadoras | Colegios RedCol\" \/>\n<meta property=\"og:description\" content=\"Del 20 al 27 de septiembre, nuestra comunidad escolar vivi\u00f3 la Semana de la Salud, una iniciativa que busca concientizar sobre la importancia del cuidado integral de la salud: f\u00edsica, [&hellip;]\" \/>\n<meta property=\"og:url\" content=\"https:\/\/csfr.edu.co\/es\/school-news\/semana-de-la-salud-pachas-un-preambulo-al-global-be-well-day\/\" \/>\n<meta property=\"og:site_name\" content=\"Colegio Santa Francisca Romana: J\u00f3venes innovadoras | Colegios RedCol\" \/>\n<meta property=\"article:publisher\" content=\"https:\/\/www.facebook.com\/ColSantaFranciscaRomana\/\" \/>\n<meta property=\"og:image\" content=\"https:\/\/csfr.edu.co\/wp-content\/uploads\/sites\/30\/2024\/11\/Logo_Santa_Francisca_Romana.png\" \/>\n\t<meta property=\"og:image:width\" content=\"808\" \/>\n\t<meta property=\"og:image:height\" content=\"389\" \/>\n\t<meta property=\"og:image:type\" content=\"image\/png\" \/>\n<meta name=\"twitter:card\" content=\"summary_large_image\" \/>\n<meta name=\"twitter:label1\" content=\"Tiempo de lectura\" \/>\n\t<meta name=\"twitter:data1\" content=\"2 minutos\" \/>\n<script type=\"application\/ld+json\" class=\"yoast-schema-graph\">{\"@context\":\"https:\/\/schema.org\",\"@graph\":[{\"@type\":\"WebPage\",\"@id\":\"https:\/\/csfr.edu.co\/es\/school-news\/semana-de-la-salud-pachas-un-preambulo-al-global-be-well-day\/\",\"url\":\"https:\/\/csfr.edu.co\/es\/school-news\/semana-de-la-salud-pachas-un-preambulo-al-global-be-well-day\/\",\"name\":\"Semana de la Salud Pachas: Un pre\u00e1mbulo al Global Be Well Day - Colegio Santa Francisca Romana: J\u00f3venes innovadoras | Colegios RedCol\",\"isPartOf\":{\"@id\":\"https:\/\/csfr.edu.co\/es\/#website\"},\"primaryImageOfPage\":{\"@id\":\"https:\/\/csfr.edu.co\/es\/school-news\/semana-de-la-salud-pachas-un-preambulo-al-global-be-well-day\/#primaryimage\"},\"image\":{\"@id\":\"https:\/\/csfr.edu.co\/es\/school-news\/semana-de-la-salud-pachas-un-preambulo-al-global-be-well-day\/#primaryimage\"},\"thumbnailUrl\":\"https:\/\/csfr.edu.co\/wp-content\/uploads\/sites\/30\/2025\/02\/Banner-semana-de-la-salud.jpg\",\"datePublished\":\"2025-02-24T18:08:33+00:00\",\"breadcrumb\":{\"@id\":\"https:\/\/csfr.edu.co\/es\/school-news\/semana-de-la-salud-pachas-un-preambulo-al-global-be-well-day\/#breadcrumb\"},\"inLanguage\":\"es\",\"potentialAction\":[{\"@type\":\"ReadAction\",\"target\":[\"https:\/\/csfr.edu.co\/es\/school-news\/semana-de-la-salud-pachas-un-preambulo-al-global-be-well-day\/\"]}]},{\"@type\":\"ImageObject\",\"inLanguage\":\"es\",\"@id\":\"https:\/\/csfr.edu.co\/es\/school-news\/semana-de-la-salud-pachas-un-preambulo-al-global-be-well-day\/#primaryimage\",\"url\":\"https:\/\/csfr.edu.co\/wp-content\/uploads\/sites\/30\/2025\/02\/Banner-semana-de-la-salud.jpg\",\"contentUrl\":\"https:\/\/csfr.edu.co\/wp-content\/uploads\/sites\/30\/2025\/02\/Banner-semana-de-la-salud.jpg\",\"width\":1921,\"height\":601},{\"@type\":\"BreadcrumbList\",\"@id\":\"https:\/\/csfr.edu.co\/es\/school-news\/semana-de-la-salud-pachas-un-preambulo-al-global-be-well-day\/#breadcrumb\",\"itemListElement\":[{\"@type\":\"ListItem\",\"position\":1,\"name\":\"Home\",\"item\":\"https:\/\/csfr.edu.co\/es\/\"},{\"@type\":\"ListItem\",\"position\":2,\"name\":\"Semana de la Salud Pachas: Un pre\u00e1mbulo al Global Be Well Day\"}]},{\"@type\":\"WebSite\",\"@id\":\"https:\/\/csfr.edu.co\/es\/#website\",\"url\":\"https:\/\/csfr.edu.co\/es\/\",\"name\":\"Colegio Santa Francisca Romana: J\u00f3venes innovadoras | Colegios RedCol\",\"description\":\"El Colegio inspira a sus estudiantes a cultivar su ser interior y a que puedan descubrir su propia luz.\",\"publisher\":{\"@id\":\"https:\/\/csfr.edu.co\/es\/#organization\"},\"potentialAction\":[{\"@type\":\"SearchAction\",\"target\":{\"@type\":\"EntryPoint\",\"urlTemplate\":\"https:\/\/csfr.edu.co\/es\/?s={search_term_string}\"},\"query-input\":{\"@type\":\"PropertyValueSpecification\",\"valueRequired\":true,\"valueName\":\"search_term_string\"}}],\"inLanguage\":\"es\"},{\"@type\":\"Organization\",\"@id\":\"https:\/\/csfr.edu.co\/es\/#organization\",\"name\":\"Colegio Santa Francisca Romana: J\u00f3venes innovadoras | Colegios RedCol\",\"url\":\"https:\/\/csfr.edu.co\/es\/\",\"logo\":{\"@type\":\"ImageObject\",\"inLanguage\":\"es\",\"@id\":\"https:\/\/csfr.edu.co\/es\/#\/schema\/logo\/image\/\",\"url\":\"https:\/\/csfr.edu.co\/wp-content\/uploads\/sites\/30\/2024\/11\/Logo_Santa_Francisca_Romana.png\",\"contentUrl\":\"https:\/\/csfr.edu.co\/wp-content\/uploads\/sites\/30\/2024\/11\/Logo_Santa_Francisca_Romana.png\",\"width\":808,\"height\":389,\"caption\":\"Colegio Santa Francisca Romana: J\u00f3venes innovadoras | Colegios RedCol\"},\"image\":{\"@id\":\"https:\/\/csfr.edu.co\/es\/#\/schema\/logo\/image\/\"},\"sameAs\":[\"https:\/\/www.facebook.com\/ColSantaFranciscaRomana\/\",\"https:\/\/www.youtube.com\/channel\/UCH3xQUBr8q9Os2LGGVWVnLg\"]}]}<\/script>\n<!-- \/ Yoast SEO plugin. -->","yoast_head_json":{"title":"Semana de la Salud Pachas: Un pre\u00e1mbulo al Global Be Well Day - Colegio Santa Francisca Romana: J\u00f3venes innovadoras | Colegios RedCol","robots":{"index":"index","follow":"follow","max-snippet":"max-snippet:-1","max-image-preview":"max-image-preview:large","max-video-preview":"max-video-preview:-1"},"canonical":"https:\/\/csfr.edu.co\/es\/school-news\/semana-de-la-salud-pachas-un-preambulo-al-global-be-well-day\/","og_locale":"es_ES","og_type":"article","og_title":"Semana de la Salud Pachas: Un pre\u00e1mbulo al Global Be Well Day - Colegio Santa Francisca Romana: J\u00f3venes innovadoras | Colegios RedCol","og_description":"Del 20 al 27 de septiembre, nuestra comunidad escolar vivi\u00f3 la Semana de la Salud, una iniciativa que busca concientizar sobre la importancia del cuidado integral de la salud: f\u00edsica, [&hellip;]","og_url":"https:\/\/csfr.edu.co\/es\/school-news\/semana-de-la-salud-pachas-un-preambulo-al-global-be-well-day\/","og_site_name":"Colegio Santa Francisca Romana: J\u00f3venes innovadoras | Colegios RedCol","article_publisher":"https:\/\/www.facebook.com\/ColSantaFranciscaRomana\/","og_image":[{"width":808,"height":389,"url":"https:\/\/csfr.edu.co\/wp-content\/uploads\/sites\/30\/2024\/11\/Logo_Santa_Francisca_Romana.png","type":"image\/png"}],"twitter_card":"summary_large_image","twitter_misc":{"Tiempo de lectura":"2 minutos"},"schema":{"@context":"https:\/\/schema.org","@graph":[{"@type":"WebPage","@id":"https:\/\/csfr.edu.co\/es\/school-news\/semana-de-la-salud-pachas-un-preambulo-al-global-be-well-day\/","url":"https:\/\/csfr.edu.co\/es\/school-news\/semana-de-la-salud-pachas-un-preambulo-al-global-be-well-day\/","name":"Semana de la Salud Pachas: Un pre\u00e1mbulo al Global Be Well Day - Colegio Santa Francisca Romana: J\u00f3venes innovadoras | Colegios RedCol","isPartOf":{"@id":"https:\/\/csfr.edu.co\/es\/#website"},"primaryImageOfPage":{"@id":"https:\/\/csfr.edu.co\/es\/school-news\/semana-de-la-salud-pachas-un-preambulo-al-global-be-well-day\/#primaryimage"},"image":{"@id":"https:\/\/csfr.edu.co\/es\/school-news\/semana-de-la-salud-pachas-un-preambulo-al-global-be-well-day\/#primaryimage"},"thumbnailUrl":"https:\/\/csfr.edu.co\/wp-content\/uploads\/sites\/30\/2025\/02\/Banner-semana-de-la-salud.jpg","datePublished":"2025-02-24T18:08:33+00:00","breadcrumb":{"@id":"https:\/\/csfr.edu.co\/es\/school-news\/semana-de-la-salud-pachas-un-preambulo-al-global-be-well-day\/#breadcrumb"},"inLanguage":"es","potentialAction":[{"@type":"ReadAction","target":["https:\/\/csfr.edu.co\/es\/school-news\/semana-de-la-salud-pachas-un-preambulo-al-global-be-well-day\/"]}]},{"@type":"ImageObject","inLanguage":"es","@id":"https:\/\/csfr.edu.co\/es\/school-news\/semana-de-la-salud-pachas-un-preambulo-al-global-be-well-day\/#primaryimage","url":"https:\/\/csfr.edu.co\/wp-content\/uploads\/sites\/30\/2025\/02\/Banner-semana-de-la-salud.jpg","contentUrl":"https:\/\/csfr.edu.co\/wp-content\/uploads\/sites\/30\/2025\/02\/Banner-semana-de-la-salud.jpg","width":1921,"height":601},{"@type":"BreadcrumbList","@id":"https:\/\/csfr.edu.co\/es\/school-news\/semana-de-la-salud-pachas-un-preambulo-al-global-be-well-day\/#breadcrumb","itemListElement":[{"@type":"ListItem","position":1,"name":"Home","item":"https:\/\/csfr.edu.co\/es\/"},{"@type":"ListItem","position":2,"name":"Semana de la Salud Pachas: Un pre\u00e1mbulo al Global Be Well Day"}]},{"@type":"WebSite","@id":"https:\/\/csfr.edu.co\/es\/#website","url":"https:\/\/csfr.edu.co\/es\/","name":"Colegio Santa Francisca Romana: J\u00f3venes innovadoras | Colegios RedCol","description":"El Colegio inspira a sus estudiantes a cultivar su ser interior y a que puedan descubrir su propia luz.","publisher":{"@id":"https:\/\/csfr.edu.co\/es\/#organization"},"potentialAction":[{"@type":"SearchAction","target":{"@type":"EntryPoint","urlTemplate":"https:\/\/csfr.edu.co\/es\/?s={search_term_string}"},"query-input":{"@type":"PropertyValueSpecification","valueRequired":true,"valueName":"search_term_string"}}],"inLanguage":"es"},{"@type":"Organization","@id":"https:\/\/csfr.edu.co\/es\/#organization","name":"Colegio Santa Francisca Romana: J\u00f3venes innovadoras | Colegios RedCol","url":"https:\/\/csfr.edu.co\/es\/","logo":{"@type":"ImageObject","inLanguage":"es","@id":"https:\/\/csfr.edu.co\/es\/#\/schema\/logo\/image\/","url":"https:\/\/csfr.edu.co\/wp-content\/uploads\/sites\/30\/2024\/11\/Logo_Santa_Francisca_Romana.png","contentUrl":"https:\/\/csfr.edu.co\/wp-content\/uploads\/sites\/30\/2024\/11\/Logo_Santa_Francisca_Romana.png","width":808,"height":389,"caption":"Colegio Santa Francisca Romana: J\u00f3venes innovadoras | Colegios RedCol"},"image":{"@id":"https:\/\/csfr.edu.co\/es\/#\/schema\/logo\/image\/"},"sameAs":["https:\/\/www.facebook.com\/ColSantaFranciscaRomana\/","https:\/\/www.youtube.com\/channel\/UCH3xQUBr8q9Os2LGGVWVnLg"]}]}},"jetpack_sharing_enabled":true,"_links":{"self":[{"href":"https:\/\/csfr.edu.co\/es\/wp-json\/wp\/v2\/school-news\/278","targetHints":{"allow":["GET"]}}],"collection":[{"href":"https:\/\/csfr.edu.co\/es\/wp-json\/wp\/v2\/school-news"}],"about":[{"href":"https:\/\/csfr.edu.co\/es\/wp-json\/wp\/v2\/types\/school-news"}],"version-history":[{"count":0,"href":"https:\/\/csfr.edu.co\/es\/wp-json\/wp\/v2\/school-news\/278\/revisions"}],"wp:featuredmedia":[{"embeddable":true,"href":"https:\/\/csfr.edu.co\/es\/wp-json\/wp\/v2\/media\/279"}],"wp:attachment":[{"href":"https:\/\/csfr.edu.co\/es\/wp-json\/wp\/v2\/media?parent=278"}],"curies":[{"name":"wp","href":"https:\/\/api.w.org\/{rel}","templated":true}]}}