{"id":290,"date":"2025-02-24T18:08:33","date_gmt":"2025-02-24T18:08:33","guid":{"rendered":"https:\/\/staging.haztuqr.cl\/csfr\/index.php\/2025\/02\/24\/ana-maria-conde-se-une-al-equipo-pacha-como-directora-de-preescolar\/"},"modified":"2025-09-28T17:14:30","modified_gmt":"2025-09-28T22:14:30","slug":"ana-maria-conde-se-une-al-equipo-pacha-como-directora-de-preescolar","status":"publish","type":"school-news","link":"https:\/\/csfr.edu.co\/es\/school-news\/ana-maria-conde-se-une-al-equipo-pacha-como-directora-de-preescolar\/","title":{"rendered":"Ana Mar\u00eda Conde se une al equipo Pacha como Directora de Preescolar"},"content":{"rendered":"<p class=\"text-align-justify\">Ana Mar\u00eda Conde es una profesional destacada en el \u00e1mbito educativo, con m\u00e1s de 15 a\u00f1os de experiencia en la gesti\u00f3n y coordinaci\u00f3n de programas innovadores para la primera infancia.<\/p>\n<p class=\"text-align-justify\">Su trayectoria le ha permitido desarrollar un enfoque integral en la educaci\u00f3n, fusionando metodolog\u00edas pedag\u00f3gicas avanzadas con un liderazgo efectivo en equipos multidisciplinarios. Ana Mar\u00eda es profesional en Antropolog\u00eda con Maestr\u00eda en Educaci\u00f3n, y ha complementado su formaci\u00f3n con estudios en Neuroeducaci\u00f3n.<\/p>\n<p class=\"text-align-justify\">Su carrera abarca roles clave como L\u00edder de Innovaci\u00f3n y Desarrollo, donde ha dise\u00f1ado estrategias basadas en evidencia para mejorar la educaci\u00f3n infantil. Adem\u00e1s, ha trabajado como Consultora Educativa y Profesional de Investigaci\u00f3n, coordinando proyectos y desarrollando curr\u00edculos para diversas instituciones. Su capacidad para implementar metodolog\u00edas pedag\u00f3gicas innovadoras y su experiencia en la formaci\u00f3n de equipos educativos le permiten promover el desarrollo integral de los ni\u00f1os en contextos educativos diversos.<\/p>\n<p class=\"text-align-justify\">Ana Mar\u00eda es reconocida por su habilidad para construir y guiar equipos hacia la excelencia educativa, destac\u00e1ndose en su compromiso con la mejora continua y la innovaci\u00f3n. Con su visi\u00f3n, Ana Mar\u00eda Conde promete enriquecer a\u00fan m\u00e1s nuestro equipo y asegurar que nuestra misi\u00f3n de maximizar el potencial de nuestras alumnas se mantenga firme.<\/p>\n<p class=\"text-align-justify\">Estamos emocionados de dar la bienvenida a Ana Mar\u00eda y de comenzar esta nueva etapa con su liderazgo, que sin duda fortalecer\u00e1 nuestro compromiso con la educaci\u00f3n de calidad y el desarrollo integral de las estudiantes.<\/p>\n","protected":false},"excerpt":{"rendered":"<p>Ana Mar\u00eda Conde es una profesional destacada en el \u00e1mbito educativo, con m\u00e1s de 15 a\u00f1os de experiencia en la gesti\u00f3n y coordinaci\u00f3n de programas innovadores para la primera infancia. [&hellip;]<\/p>\n","protected":false},"featured_media":131530,"template":"","class_list":["post-290","school-news","type-school-news","status-publish","has-post-thumbnail","hentry"],"acf":[],"yoast_head":"<!-- This site is optimized with the Yoast SEO plugin v27.1.1 - https:\/\/yoast.com\/product\/yoast-seo-wordpress\/ -->\n<title>Ana Mar\u00eda Conde se une al equipo Pacha como Directora de Preescolar - Colegio Santa Francisca Romana: J\u00f3venes innovadoras | Colegios RedCol<\/title>\n<meta name=\"robots\" content=\"index, follow, max-snippet:-1, max-image-preview:large, max-video-preview:-1\" \/>\n<link rel=\"canonical\" href=\"https:\/\/csfr.edu.co\/es\/school-news\/ana-maria-conde-se-une-al-equipo-pacha-como-directora-de-preescolar\/\" \/>\n<meta property=\"og:locale\" content=\"es_ES\" \/>\n<meta property=\"og:type\" content=\"article\" \/>\n<meta property=\"og:title\" content=\"Ana Mar\u00eda Conde se une al equipo Pacha como Directora de Preescolar - Colegio Santa Francisca Romana: J\u00f3venes innovadoras | Colegios RedCol\" \/>\n<meta property=\"og:description\" content=\"Ana Mar\u00eda Conde es una profesional destacada en el \u00e1mbito educativo, con m\u00e1s de 15 a\u00f1os de experiencia en la gesti\u00f3n y coordinaci\u00f3n de programas innovadores para la primera infancia. [&hellip;]\" \/>\n<meta property=\"og:url\" content=\"https:\/\/csfr.edu.co\/es\/school-news\/ana-maria-conde-se-une-al-equipo-pacha-como-directora-de-preescolar\/\" \/>\n<meta property=\"og:site_name\" content=\"Colegio Santa Francisca Romana: J\u00f3venes innovadoras | Colegios RedCol\" \/>\n<meta property=\"article:publisher\" content=\"https:\/\/www.facebook.com\/ColSantaFranciscaRomana\/\" \/>\n<meta property=\"article:modified_time\" content=\"2025-09-28T22:14:30+00:00\" \/>\n<meta property=\"og:image\" content=\"https:\/\/csfr.edu.co\/wp-content\/uploads\/sites\/30\/2025\/02\/Banner-LinkedIn-con-foto-organico-moderno-azul-y-amarillo-1.png\" \/>\n\t<meta property=\"og:image:width\" content=\"1584\" \/>\n\t<meta property=\"og:image:height\" content=\"396\" \/>\n\t<meta property=\"og:image:type\" content=\"image\/png\" \/>\n<meta name=\"twitter:card\" content=\"summary_large_image\" \/>\n<meta name=\"twitter:label1\" content=\"Tiempo de lectura\" \/>\n\t<meta name=\"twitter:data1\" content=\"2 minutos\" \/>\n<script type=\"application\/ld+json\" class=\"yoast-schema-graph\">{\"@context\":\"https:\/\/schema.org\",\"@graph\":[{\"@type\":\"WebPage\",\"@id\":\"https:\/\/csfr.edu.co\/es\/school-news\/ana-maria-conde-se-une-al-equipo-pacha-como-directora-de-preescolar\/\",\"url\":\"https:\/\/csfr.edu.co\/es\/school-news\/ana-maria-conde-se-une-al-equipo-pacha-como-directora-de-preescolar\/\",\"name\":\"Ana Mar\u00eda Conde se une al equipo Pacha como Directora de Preescolar - Colegio Santa Francisca Romana: J\u00f3venes innovadoras | Colegios RedCol\",\"isPartOf\":{\"@id\":\"https:\/\/csfr.edu.co\/es\/#website\"},\"primaryImageOfPage\":{\"@id\":\"https:\/\/csfr.edu.co\/es\/school-news\/ana-maria-conde-se-une-al-equipo-pacha-como-directora-de-preescolar\/#primaryimage\"},\"image\":{\"@id\":\"https:\/\/csfr.edu.co\/es\/school-news\/ana-maria-conde-se-une-al-equipo-pacha-como-directora-de-preescolar\/#primaryimage\"},\"thumbnailUrl\":\"https:\/\/csfr.edu.co\/wp-content\/uploads\/sites\/30\/2025\/02\/Banner-LinkedIn-con-foto-organico-moderno-azul-y-amarillo-1.png\",\"datePublished\":\"2025-02-24T18:08:33+00:00\",\"dateModified\":\"2025-09-28T22:14:30+00:00\",\"breadcrumb\":{\"@id\":\"https:\/\/csfr.edu.co\/es\/school-news\/ana-maria-conde-se-une-al-equipo-pacha-como-directora-de-preescolar\/#breadcrumb\"},\"inLanguage\":\"es\",\"potentialAction\":[{\"@type\":\"ReadAction\",\"target\":[\"https:\/\/csfr.edu.co\/es\/school-news\/ana-maria-conde-se-une-al-equipo-pacha-como-directora-de-preescolar\/\"]}]},{\"@type\":\"ImageObject\",\"inLanguage\":\"es\",\"@id\":\"https:\/\/csfr.edu.co\/es\/school-news\/ana-maria-conde-se-une-al-equipo-pacha-como-directora-de-preescolar\/#primaryimage\",\"url\":\"https:\/\/csfr.edu.co\/wp-content\/uploads\/sites\/30\/2025\/02\/Banner-LinkedIn-con-foto-organico-moderno-azul-y-amarillo-1.png\",\"contentUrl\":\"https:\/\/csfr.edu.co\/wp-content\/uploads\/sites\/30\/2025\/02\/Banner-LinkedIn-con-foto-organico-moderno-azul-y-amarillo-1.png\",\"width\":1584,\"height\":396},{\"@type\":\"BreadcrumbList\",\"@id\":\"https:\/\/csfr.edu.co\/es\/school-news\/ana-maria-conde-se-une-al-equipo-pacha-como-directora-de-preescolar\/#breadcrumb\",\"itemListElement\":[{\"@type\":\"ListItem\",\"position\":1,\"name\":\"Home\",\"item\":\"https:\/\/csfr.edu.co\/es\/\"},{\"@type\":\"ListItem\",\"position\":2,\"name\":\"Ana Mar\u00eda Conde se une al equipo Pacha como Directora de Preescolar\"}]},{\"@type\":\"WebSite\",\"@id\":\"https:\/\/csfr.edu.co\/es\/#website\",\"url\":\"https:\/\/csfr.edu.co\/es\/\",\"name\":\"Colegio Santa Francisca Romana: J\u00f3venes innovadoras | Colegios RedCol\",\"description\":\"El Colegio inspira a sus estudiantes a cultivar su ser interior y a que puedan descubrir su propia luz.\",\"publisher\":{\"@id\":\"https:\/\/csfr.edu.co\/es\/#organization\"},\"potentialAction\":[{\"@type\":\"SearchAction\",\"target\":{\"@type\":\"EntryPoint\",\"urlTemplate\":\"https:\/\/csfr.edu.co\/es\/?s={search_term_string}\"},\"query-input\":{\"@type\":\"PropertyValueSpecification\",\"valueRequired\":true,\"valueName\":\"search_term_string\"}}],\"inLanguage\":\"es\"},{\"@type\":\"Organization\",\"@id\":\"https:\/\/csfr.edu.co\/es\/#organization\",\"name\":\"Colegio Santa Francisca Romana: J\u00f3venes innovadoras | Colegios RedCol\",\"url\":\"https:\/\/csfr.edu.co\/es\/\",\"logo\":{\"@type\":\"ImageObject\",\"inLanguage\":\"es\",\"@id\":\"https:\/\/csfr.edu.co\/es\/#\/schema\/logo\/image\/\",\"url\":\"https:\/\/csfr.edu.co\/wp-content\/uploads\/sites\/30\/2024\/11\/Logo_Santa_Francisca_Romana.png\",\"contentUrl\":\"https:\/\/csfr.edu.co\/wp-content\/uploads\/sites\/30\/2024\/11\/Logo_Santa_Francisca_Romana.png\",\"width\":808,\"height\":389,\"caption\":\"Colegio Santa Francisca Romana: J\u00f3venes innovadoras | Colegios RedCol\"},\"image\":{\"@id\":\"https:\/\/csfr.edu.co\/es\/#\/schema\/logo\/image\/\"},\"sameAs\":[\"https:\/\/www.facebook.com\/ColSantaFranciscaRomana\/\",\"https:\/\/www.youtube.com\/channel\/UCH3xQUBr8q9Os2LGGVWVnLg\"]}]}<\/script>\n<!-- \/ Yoast SEO plugin. -->","yoast_head_json":{"title":"Ana Mar\u00eda Conde se une al equipo Pacha como Directora de Preescolar - Colegio Santa Francisca Romana: J\u00f3venes innovadoras | Colegios RedCol","robots":{"index":"index","follow":"follow","max-snippet":"max-snippet:-1","max-image-preview":"max-image-preview:large","max-video-preview":"max-video-preview:-1"},"canonical":"https:\/\/csfr.edu.co\/es\/school-news\/ana-maria-conde-se-une-al-equipo-pacha-como-directora-de-preescolar\/","og_locale":"es_ES","og_type":"article","og_title":"Ana Mar\u00eda Conde se une al equipo Pacha como Directora de Preescolar - Colegio Santa Francisca Romana: J\u00f3venes innovadoras | Colegios RedCol","og_description":"Ana Mar\u00eda Conde es una profesional destacada en el \u00e1mbito educativo, con m\u00e1s de 15 a\u00f1os de experiencia en la gesti\u00f3n y coordinaci\u00f3n de programas innovadores para la primera infancia. [&hellip;]","og_url":"https:\/\/csfr.edu.co\/es\/school-news\/ana-maria-conde-se-une-al-equipo-pacha-como-directora-de-preescolar\/","og_site_name":"Colegio Santa Francisca Romana: J\u00f3venes innovadoras | Colegios RedCol","article_publisher":"https:\/\/www.facebook.com\/ColSantaFranciscaRomana\/","article_modified_time":"2025-09-28T22:14:30+00:00","og_image":[{"width":1584,"height":396,"url":"https:\/\/csfr.edu.co\/wp-content\/uploads\/sites\/30\/2025\/02\/Banner-LinkedIn-con-foto-organico-moderno-azul-y-amarillo-1.png","type":"image\/png"}],"twitter_card":"summary_large_image","twitter_misc":{"Tiempo de lectura":"2 minutos"},"schema":{"@context":"https:\/\/schema.org","@graph":[{"@type":"WebPage","@id":"https:\/\/csfr.edu.co\/es\/school-news\/ana-maria-conde-se-une-al-equipo-pacha-como-directora-de-preescolar\/","url":"https:\/\/csfr.edu.co\/es\/school-news\/ana-maria-conde-se-une-al-equipo-pacha-como-directora-de-preescolar\/","name":"Ana Mar\u00eda Conde se une al equipo Pacha como Directora de Preescolar - Colegio Santa Francisca Romana: J\u00f3venes innovadoras | Colegios RedCol","isPartOf":{"@id":"https:\/\/csfr.edu.co\/es\/#website"},"primaryImageOfPage":{"@id":"https:\/\/csfr.edu.co\/es\/school-news\/ana-maria-conde-se-une-al-equipo-pacha-como-directora-de-preescolar\/#primaryimage"},"image":{"@id":"https:\/\/csfr.edu.co\/es\/school-news\/ana-maria-conde-se-une-al-equipo-pacha-como-directora-de-preescolar\/#primaryimage"},"thumbnailUrl":"https:\/\/csfr.edu.co\/wp-content\/uploads\/sites\/30\/2025\/02\/Banner-LinkedIn-con-foto-organico-moderno-azul-y-amarillo-1.png","datePublished":"2025-02-24T18:08:33+00:00","dateModified":"2025-09-28T22:14:30+00:00","breadcrumb":{"@id":"https:\/\/csfr.edu.co\/es\/school-news\/ana-maria-conde-se-une-al-equipo-pacha-como-directora-de-preescolar\/#breadcrumb"},"inLanguage":"es","potentialAction":[{"@type":"ReadAction","target":["https:\/\/csfr.edu.co\/es\/school-news\/ana-maria-conde-se-une-al-equipo-pacha-como-directora-de-preescolar\/"]}]},{"@type":"ImageObject","inLanguage":"es","@id":"https:\/\/csfr.edu.co\/es\/school-news\/ana-maria-conde-se-une-al-equipo-pacha-como-directora-de-preescolar\/#primaryimage","url":"https:\/\/csfr.edu.co\/wp-content\/uploads\/sites\/30\/2025\/02\/Banner-LinkedIn-con-foto-organico-moderno-azul-y-amarillo-1.png","contentUrl":"https:\/\/csfr.edu.co\/wp-content\/uploads\/sites\/30\/2025\/02\/Banner-LinkedIn-con-foto-organico-moderno-azul-y-amarillo-1.png","width":1584,"height":396},{"@type":"BreadcrumbList","@id":"https:\/\/csfr.edu.co\/es\/school-news\/ana-maria-conde-se-une-al-equipo-pacha-como-directora-de-preescolar\/#breadcrumb","itemListElement":[{"@type":"ListItem","position":1,"name":"Home","item":"https:\/\/csfr.edu.co\/es\/"},{"@type":"ListItem","position":2,"name":"Ana Mar\u00eda Conde se une al equipo Pacha como Directora de Preescolar"}]},{"@type":"WebSite","@id":"https:\/\/csfr.edu.co\/es\/#website","url":"https:\/\/csfr.edu.co\/es\/","name":"Colegio Santa Francisca Romana: J\u00f3venes innovadoras | Colegios RedCol","description":"El Colegio inspira a sus estudiantes a cultivar su ser interior y a que puedan descubrir su propia luz.","publisher":{"@id":"https:\/\/csfr.edu.co\/es\/#organization"},"potentialAction":[{"@type":"SearchAction","target":{"@type":"EntryPoint","urlTemplate":"https:\/\/csfr.edu.co\/es\/?s={search_term_string}"},"query-input":{"@type":"PropertyValueSpecification","valueRequired":true,"valueName":"search_term_string"}}],"inLanguage":"es"},{"@type":"Organization","@id":"https:\/\/csfr.edu.co\/es\/#organization","name":"Colegio Santa Francisca Romana: J\u00f3venes innovadoras | Colegios RedCol","url":"https:\/\/csfr.edu.co\/es\/","logo":{"@type":"ImageObject","inLanguage":"es","@id":"https:\/\/csfr.edu.co\/es\/#\/schema\/logo\/image\/","url":"https:\/\/csfr.edu.co\/wp-content\/uploads\/sites\/30\/2024\/11\/Logo_Santa_Francisca_Romana.png","contentUrl":"https:\/\/csfr.edu.co\/wp-content\/uploads\/sites\/30\/2024\/11\/Logo_Santa_Francisca_Romana.png","width":808,"height":389,"caption":"Colegio Santa Francisca Romana: J\u00f3venes innovadoras | Colegios RedCol"},"image":{"@id":"https:\/\/csfr.edu.co\/es\/#\/schema\/logo\/image\/"},"sameAs":["https:\/\/www.facebook.com\/ColSantaFranciscaRomana\/","https:\/\/www.youtube.com\/channel\/UCH3xQUBr8q9Os2LGGVWVnLg"]}]}},"jetpack_sharing_enabled":true,"_links":{"self":[{"href":"https:\/\/csfr.edu.co\/es\/wp-json\/wp\/v2\/school-news\/290","targetHints":{"allow":["GET"]}}],"collection":[{"href":"https:\/\/csfr.edu.co\/es\/wp-json\/wp\/v2\/school-news"}],"about":[{"href":"https:\/\/csfr.edu.co\/es\/wp-json\/wp\/v2\/types\/school-news"}],"version-history":[{"count":1,"href":"https:\/\/csfr.edu.co\/es\/wp-json\/wp\/v2\/school-news\/290\/revisions"}],"predecessor-version":[{"id":131534,"href":"https:\/\/csfr.edu.co\/es\/wp-json\/wp\/v2\/school-news\/290\/revisions\/131534"}],"wp:featuredmedia":[{"embeddable":true,"href":"https:\/\/csfr.edu.co\/es\/wp-json\/wp\/v2\/media\/131530"}],"wp:attachment":[{"href":"https:\/\/csfr.edu.co\/es\/wp-json\/wp\/v2\/media?parent=290"}],"curies":[{"name":"wp","href":"https:\/\/api.w.org\/{rel}","templated":true}]}}