{"id":300,"date":"2025-02-24T18:08:33","date_gmt":"2025-02-24T18:08:33","guid":{"rendered":"https:\/\/staging.haztuqr.cl\/csfr\/index.php\/2025\/02\/24\/la-promocion-2024-2025-celebra-su-ultimo-primer-dia\/"},"modified":"2025-02-24T18:08:33","modified_gmt":"2025-02-24T18:08:33","slug":"la-promocion-2024-2025-celebra-su-ultimo-primer-dia","status":"publish","type":"school-news","link":"https:\/\/csfr.edu.co\/es\/school-news\/la-promocion-2024-2025-celebra-su-ultimo-primer-dia\/","title":{"rendered":"La promoci\u00f3n 2024-2025 celebra su &#8216;\u00daltimo Primer D\u00eda&#8217;"},"content":{"rendered":"<p>\u00a1El \u201c\u00faltimo primer d\u00eda\u201d para la promoci\u00f3n 2024-2025 fue un evento memorable que marc\u00f3el inicio de un a\u00f1o lleno de emociones y nuevas experiencias para las estudiantes!.<\/p>\n<p>Este d\u00eda tan especial comenz\u00f3 con una entrada realmente espectacular: las estudiantes llegaron en Gusanitos Mec\u00e1nicos y estuvieron acompa\u00f1adas por sus padres, las estudiantes degrado10\u00ba y todo el equipo Pachas. Pero eso no fue todo; la verdadera magia empez\u00f3 cuando un grupo de percusionistas, conocidos por su batucada vibrante, se uni\u00f3 a la celebraci\u00f3n. Su m\u00fasica, que fusiona diversos estilos afrobrasile\u00f1os, cre\u00f3 un ambiente festivo y contagioso que hizo que el \u00e1nimo se disparara desde el primer momento.<\/p>\n<p>Como siempre, estamosatentos a cada detalle, por esto preparamosuna serie de sorpresas para este d\u00eda tan esperado. La asociaci\u00f3n de padres, con gran entusiasmo, se sum\u00f3 a las celebraciones organizando un desayuno especial para todas las estudiantes. Este gesto no solo llen\u00f3 el est\u00f3mago, sino que tambi\u00e9n calent\u00f3 los corazones y fortaleci\u00f3 el sentido de comunidad y pertenencia que caracteriza a esta instituci\u00f3n.<\/p>\n<p>Durante el d\u00eda, las estudiantes tuvieron la oportunidad de recorrer todos los cursos para dar una c\u00e1lida bienvenida a sus compa\u00f1eras. Este recorrido marc\u00f3 el inicio del nuevo a\u00f1o acad\u00e9mico, fomentando un ambiente de colaboraci\u00f3n y apoyo mutuo que sin duda enriquecer\u00e1 la experiencia escolar de todas.<\/p>\n<p>Mientras tanto, el primer d\u00eda para los dem\u00e1s cursos estuvo acompa\u00f1ado por losdirectores de grupo que se encargaron de organizar y coordinar cada detalle para asegurar que todo comenzara de la mejor manera posible. Sudedicaci\u00f3n y compromisogarantiz\u00f3 que cada una de las estudiantes se sintiera bienveniday preparada para comenzar este nuevo cap\u00edtulo.<\/p>\n","protected":false},"excerpt":{"rendered":"<p>\u00a1El \u201c\u00faltimo primer d\u00eda\u201d para la promoci\u00f3n 2024-2025 fue un evento memorable que marc\u00f3el inicio de un a\u00f1o lleno de emociones y nuevas experiencias para las estudiantes!. Este d\u00eda tan [&hellip;]<\/p>\n","protected":false},"featured_media":301,"template":"","class_list":["post-300","school-news","type-school-news","status-publish","has-post-thumbnail","hentry"],"acf":[],"yoast_head":"<!-- This site is optimized with the Yoast SEO plugin v27.1.1 - https:\/\/yoast.com\/product\/yoast-seo-wordpress\/ -->\n<title>La promoci\u00f3n 2024-2025 celebra su &#039;\u00daltimo Primer D\u00eda&#039; - Colegio Santa Francisca Romana: J\u00f3venes innovadoras | Colegios RedCol<\/title>\n<meta name=\"robots\" content=\"index, follow, max-snippet:-1, max-image-preview:large, max-video-preview:-1\" \/>\n<link rel=\"canonical\" href=\"https:\/\/csfr.edu.co\/es\/school-news\/la-promocion-2024-2025-celebra-su-ultimo-primer-dia\/\" \/>\n<meta property=\"og:locale\" content=\"es_ES\" \/>\n<meta property=\"og:type\" content=\"article\" \/>\n<meta property=\"og:title\" content=\"La promoci\u00f3n 2024-2025 celebra su &#039;\u00daltimo Primer D\u00eda&#039; - Colegio Santa Francisca Romana: J\u00f3venes innovadoras | Colegios RedCol\" \/>\n<meta property=\"og:description\" content=\"\u00a1El \u201c\u00faltimo primer d\u00eda\u201d para la promoci\u00f3n 2024-2025 fue un evento memorable que marc\u00f3el inicio de un a\u00f1o lleno de emociones y nuevas experiencias para las estudiantes!. Este d\u00eda tan [&hellip;]\" \/>\n<meta property=\"og:url\" content=\"https:\/\/csfr.edu.co\/es\/school-news\/la-promocion-2024-2025-celebra-su-ultimo-primer-dia\/\" \/>\n<meta property=\"og:site_name\" content=\"Colegio Santa Francisca Romana: J\u00f3venes innovadoras | Colegios RedCol\" \/>\n<meta property=\"article:publisher\" content=\"https:\/\/www.facebook.com\/ColSantaFranciscaRomana\/\" \/>\n<meta property=\"og:image\" content=\"https:\/\/csfr.edu.co\/wp-content\/uploads\/sites\/30\/2024\/11\/Logo_Santa_Francisca_Romana.png\" \/>\n\t<meta property=\"og:image:width\" content=\"808\" \/>\n\t<meta property=\"og:image:height\" content=\"389\" \/>\n\t<meta property=\"og:image:type\" content=\"image\/png\" \/>\n<meta name=\"twitter:card\" content=\"summary_large_image\" \/>\n<meta name=\"twitter:label1\" content=\"Tiempo de lectura\" \/>\n\t<meta name=\"twitter:data1\" content=\"1 minuto\" \/>\n<script type=\"application\/ld+json\" class=\"yoast-schema-graph\">{\"@context\":\"https:\/\/schema.org\",\"@graph\":[{\"@type\":\"WebPage\",\"@id\":\"https:\/\/csfr.edu.co\/es\/school-news\/la-promocion-2024-2025-celebra-su-ultimo-primer-dia\/\",\"url\":\"https:\/\/csfr.edu.co\/es\/school-news\/la-promocion-2024-2025-celebra-su-ultimo-primer-dia\/\",\"name\":\"La promoci\u00f3n 2024-2025 celebra su '\u00daltimo Primer D\u00eda' - Colegio Santa Francisca Romana: J\u00f3venes innovadoras | Colegios RedCol\",\"isPartOf\":{\"@id\":\"https:\/\/csfr.edu.co\/es\/#website\"},\"primaryImageOfPage\":{\"@id\":\"https:\/\/csfr.edu.co\/es\/school-news\/la-promocion-2024-2025-celebra-su-ultimo-primer-dia\/#primaryimage\"},\"image\":{\"@id\":\"https:\/\/csfr.edu.co\/es\/school-news\/la-promocion-2024-2025-celebra-su-ultimo-primer-dia\/#primaryimage\"},\"thumbnailUrl\":\"https:\/\/csfr.edu.co\/wp-content\/uploads\/sites\/30\/2025\/02\/Blog-seniors.jpg\",\"datePublished\":\"2025-02-24T18:08:33+00:00\",\"breadcrumb\":{\"@id\":\"https:\/\/csfr.edu.co\/es\/school-news\/la-promocion-2024-2025-celebra-su-ultimo-primer-dia\/#breadcrumb\"},\"inLanguage\":\"es\",\"potentialAction\":[{\"@type\":\"ReadAction\",\"target\":[\"https:\/\/csfr.edu.co\/es\/school-news\/la-promocion-2024-2025-celebra-su-ultimo-primer-dia\/\"]}]},{\"@type\":\"ImageObject\",\"inLanguage\":\"es\",\"@id\":\"https:\/\/csfr.edu.co\/es\/school-news\/la-promocion-2024-2025-celebra-su-ultimo-primer-dia\/#primaryimage\",\"url\":\"https:\/\/csfr.edu.co\/wp-content\/uploads\/sites\/30\/2025\/02\/Blog-seniors.jpg\",\"contentUrl\":\"https:\/\/csfr.edu.co\/wp-content\/uploads\/sites\/30\/2025\/02\/Blog-seniors.jpg\",\"width\":1000,\"height\":350},{\"@type\":\"BreadcrumbList\",\"@id\":\"https:\/\/csfr.edu.co\/es\/school-news\/la-promocion-2024-2025-celebra-su-ultimo-primer-dia\/#breadcrumb\",\"itemListElement\":[{\"@type\":\"ListItem\",\"position\":1,\"name\":\"Home\",\"item\":\"https:\/\/csfr.edu.co\/es\/\"},{\"@type\":\"ListItem\",\"position\":2,\"name\":\"La promoci\u00f3n 2024-2025 celebra su &#8216;\u00daltimo Primer D\u00eda&#8217;\"}]},{\"@type\":\"WebSite\",\"@id\":\"https:\/\/csfr.edu.co\/es\/#website\",\"url\":\"https:\/\/csfr.edu.co\/es\/\",\"name\":\"Colegio Santa Francisca Romana: J\u00f3venes innovadoras | Colegios RedCol\",\"description\":\"El Colegio inspira a sus estudiantes a cultivar su ser interior y a que puedan descubrir su propia luz.\",\"publisher\":{\"@id\":\"https:\/\/csfr.edu.co\/es\/#organization\"},\"potentialAction\":[{\"@type\":\"SearchAction\",\"target\":{\"@type\":\"EntryPoint\",\"urlTemplate\":\"https:\/\/csfr.edu.co\/es\/?s={search_term_string}\"},\"query-input\":{\"@type\":\"PropertyValueSpecification\",\"valueRequired\":true,\"valueName\":\"search_term_string\"}}],\"inLanguage\":\"es\"},{\"@type\":\"Organization\",\"@id\":\"https:\/\/csfr.edu.co\/es\/#organization\",\"name\":\"Colegio Santa Francisca Romana: J\u00f3venes innovadoras | Colegios RedCol\",\"url\":\"https:\/\/csfr.edu.co\/es\/\",\"logo\":{\"@type\":\"ImageObject\",\"inLanguage\":\"es\",\"@id\":\"https:\/\/csfr.edu.co\/es\/#\/schema\/logo\/image\/\",\"url\":\"https:\/\/csfr.edu.co\/wp-content\/uploads\/sites\/30\/2024\/11\/Logo_Santa_Francisca_Romana.png\",\"contentUrl\":\"https:\/\/csfr.edu.co\/wp-content\/uploads\/sites\/30\/2024\/11\/Logo_Santa_Francisca_Romana.png\",\"width\":808,\"height\":389,\"caption\":\"Colegio Santa Francisca Romana: J\u00f3venes innovadoras | Colegios RedCol\"},\"image\":{\"@id\":\"https:\/\/csfr.edu.co\/es\/#\/schema\/logo\/image\/\"},\"sameAs\":[\"https:\/\/www.facebook.com\/ColSantaFranciscaRomana\/\",\"https:\/\/www.youtube.com\/channel\/UCH3xQUBr8q9Os2LGGVWVnLg\"]}]}<\/script>\n<!-- \/ Yoast SEO plugin. -->","yoast_head_json":{"title":"La promoci\u00f3n 2024-2025 celebra su '\u00daltimo Primer D\u00eda' - Colegio Santa Francisca Romana: J\u00f3venes innovadoras | Colegios RedCol","robots":{"index":"index","follow":"follow","max-snippet":"max-snippet:-1","max-image-preview":"max-image-preview:large","max-video-preview":"max-video-preview:-1"},"canonical":"https:\/\/csfr.edu.co\/es\/school-news\/la-promocion-2024-2025-celebra-su-ultimo-primer-dia\/","og_locale":"es_ES","og_type":"article","og_title":"La promoci\u00f3n 2024-2025 celebra su '\u00daltimo Primer D\u00eda' - Colegio Santa Francisca Romana: J\u00f3venes innovadoras | Colegios RedCol","og_description":"\u00a1El \u201c\u00faltimo primer d\u00eda\u201d para la promoci\u00f3n 2024-2025 fue un evento memorable que marc\u00f3el inicio de un a\u00f1o lleno de emociones y nuevas experiencias para las estudiantes!. Este d\u00eda tan [&hellip;]","og_url":"https:\/\/csfr.edu.co\/es\/school-news\/la-promocion-2024-2025-celebra-su-ultimo-primer-dia\/","og_site_name":"Colegio Santa Francisca Romana: J\u00f3venes innovadoras | Colegios RedCol","article_publisher":"https:\/\/www.facebook.com\/ColSantaFranciscaRomana\/","og_image":[{"width":808,"height":389,"url":"https:\/\/csfr.edu.co\/wp-content\/uploads\/sites\/30\/2024\/11\/Logo_Santa_Francisca_Romana.png","type":"image\/png"}],"twitter_card":"summary_large_image","twitter_misc":{"Tiempo de lectura":"1 minuto"},"schema":{"@context":"https:\/\/schema.org","@graph":[{"@type":"WebPage","@id":"https:\/\/csfr.edu.co\/es\/school-news\/la-promocion-2024-2025-celebra-su-ultimo-primer-dia\/","url":"https:\/\/csfr.edu.co\/es\/school-news\/la-promocion-2024-2025-celebra-su-ultimo-primer-dia\/","name":"La promoci\u00f3n 2024-2025 celebra su '\u00daltimo Primer D\u00eda' - Colegio Santa Francisca Romana: J\u00f3venes innovadoras | Colegios RedCol","isPartOf":{"@id":"https:\/\/csfr.edu.co\/es\/#website"},"primaryImageOfPage":{"@id":"https:\/\/csfr.edu.co\/es\/school-news\/la-promocion-2024-2025-celebra-su-ultimo-primer-dia\/#primaryimage"},"image":{"@id":"https:\/\/csfr.edu.co\/es\/school-news\/la-promocion-2024-2025-celebra-su-ultimo-primer-dia\/#primaryimage"},"thumbnailUrl":"https:\/\/csfr.edu.co\/wp-content\/uploads\/sites\/30\/2025\/02\/Blog-seniors.jpg","datePublished":"2025-02-24T18:08:33+00:00","breadcrumb":{"@id":"https:\/\/csfr.edu.co\/es\/school-news\/la-promocion-2024-2025-celebra-su-ultimo-primer-dia\/#breadcrumb"},"inLanguage":"es","potentialAction":[{"@type":"ReadAction","target":["https:\/\/csfr.edu.co\/es\/school-news\/la-promocion-2024-2025-celebra-su-ultimo-primer-dia\/"]}]},{"@type":"ImageObject","inLanguage":"es","@id":"https:\/\/csfr.edu.co\/es\/school-news\/la-promocion-2024-2025-celebra-su-ultimo-primer-dia\/#primaryimage","url":"https:\/\/csfr.edu.co\/wp-content\/uploads\/sites\/30\/2025\/02\/Blog-seniors.jpg","contentUrl":"https:\/\/csfr.edu.co\/wp-content\/uploads\/sites\/30\/2025\/02\/Blog-seniors.jpg","width":1000,"height":350},{"@type":"BreadcrumbList","@id":"https:\/\/csfr.edu.co\/es\/school-news\/la-promocion-2024-2025-celebra-su-ultimo-primer-dia\/#breadcrumb","itemListElement":[{"@type":"ListItem","position":1,"name":"Home","item":"https:\/\/csfr.edu.co\/es\/"},{"@type":"ListItem","position":2,"name":"La promoci\u00f3n 2024-2025 celebra su &#8216;\u00daltimo Primer D\u00eda&#8217;"}]},{"@type":"WebSite","@id":"https:\/\/csfr.edu.co\/es\/#website","url":"https:\/\/csfr.edu.co\/es\/","name":"Colegio Santa Francisca Romana: J\u00f3venes innovadoras | Colegios RedCol","description":"El Colegio inspira a sus estudiantes a cultivar su ser interior y a que puedan descubrir su propia luz.","publisher":{"@id":"https:\/\/csfr.edu.co\/es\/#organization"},"potentialAction":[{"@type":"SearchAction","target":{"@type":"EntryPoint","urlTemplate":"https:\/\/csfr.edu.co\/es\/?s={search_term_string}"},"query-input":{"@type":"PropertyValueSpecification","valueRequired":true,"valueName":"search_term_string"}}],"inLanguage":"es"},{"@type":"Organization","@id":"https:\/\/csfr.edu.co\/es\/#organization","name":"Colegio Santa Francisca Romana: J\u00f3venes innovadoras | Colegios RedCol","url":"https:\/\/csfr.edu.co\/es\/","logo":{"@type":"ImageObject","inLanguage":"es","@id":"https:\/\/csfr.edu.co\/es\/#\/schema\/logo\/image\/","url":"https:\/\/csfr.edu.co\/wp-content\/uploads\/sites\/30\/2024\/11\/Logo_Santa_Francisca_Romana.png","contentUrl":"https:\/\/csfr.edu.co\/wp-content\/uploads\/sites\/30\/2024\/11\/Logo_Santa_Francisca_Romana.png","width":808,"height":389,"caption":"Colegio Santa Francisca Romana: J\u00f3venes innovadoras | Colegios RedCol"},"image":{"@id":"https:\/\/csfr.edu.co\/es\/#\/schema\/logo\/image\/"},"sameAs":["https:\/\/www.facebook.com\/ColSantaFranciscaRomana\/","https:\/\/www.youtube.com\/channel\/UCH3xQUBr8q9Os2LGGVWVnLg"]}]}},"jetpack_sharing_enabled":true,"_links":{"self":[{"href":"https:\/\/csfr.edu.co\/es\/wp-json\/wp\/v2\/school-news\/300","targetHints":{"allow":["GET"]}}],"collection":[{"href":"https:\/\/csfr.edu.co\/es\/wp-json\/wp\/v2\/school-news"}],"about":[{"href":"https:\/\/csfr.edu.co\/es\/wp-json\/wp\/v2\/types\/school-news"}],"version-history":[{"count":0,"href":"https:\/\/csfr.edu.co\/es\/wp-json\/wp\/v2\/school-news\/300\/revisions"}],"wp:featuredmedia":[{"embeddable":true,"href":"https:\/\/csfr.edu.co\/es\/wp-json\/wp\/v2\/media\/301"}],"wp:attachment":[{"href":"https:\/\/csfr.edu.co\/es\/wp-json\/wp\/v2\/media?parent=300"}],"curies":[{"name":"wp","href":"https:\/\/api.w.org\/{rel}","templated":true}]}}